{"id":75932,"date":"2025-12-03T10:17:10","date_gmt":"2025-12-03T08:17:10","guid":{"rendered":"https:\/\/www.iemn.fr\/?p=75932"},"modified":"2025-12-16T13:15:09","modified_gmt":"2025-12-16T11:15:09","slug":"quand-la-recherche-devient-entreprise-voltify-et-mc2-technologies-presents-a-la-rencontre-startups-2","status":"publish","type":"post","link":"https:\/\/www.iemn.fr\/en\/newsletter\/quand-la-recherche-devient-entreprise-voltify-et-mc2-technologies-presents-a-la-rencontre-startups-2.html","title":{"rendered":"Quand la recherche devient entreprise : Voltify et MC2 Technologies pr\u00e9sents \u00e0 la Rencontre Startups"},"content":{"rendered":"<div  class='flex_column av-miprdd21-48502849b54a2518d5184680a548b86d av_one_fifth  avia-builder-el-0  el_before_av_four_fifth  avia-builder-el-first  first flex_column_div av-hide-on-mobile'     ><\/div>\n<div  class='flex_column av-4we7z0-42ed60deefd9161785d2c26c9610b710 av_four_fifth  avia-builder-el-1  el_after_av_one_fifth  el_before_av_one_fifth  flex_column_div'     ><section  class='av_textblock_section av-miprc8zu-195868fbb072ac984f08655a8ae38b2c'   itemscope=\"itemscope\" itemtype=\"https:\/\/schema.org\/BlogPosting\" itemprop=\"blogPost\" ><div class='avia_textblock'  itemprop=\"text\" ><p><a href=\"https:\/\/www.iemn.fr\/wp-content\/uploads\/2025\/12\/startups2.jpg\"><img loading=\"lazy\" decoding=\"async\" class=\"alignnone wp-image-76197 size-full\" src=\"https:\/\/www.iemn.fr\/wp-content\/uploads\/2025\/12\/startups2.jpg\" alt=\"\" width=\"1110\" height=\"263\" srcset=\"https:\/\/www.iemn.fr\/wp-content\/uploads\/2025\/12\/startups2.jpg 1110w, https:\/\/www.iemn.fr\/wp-content\/uploads\/2025\/12\/startups2-300x71.jpg 300w, https:\/\/www.iemn.fr\/wp-content\/uploads\/2025\/12\/startups2-1030x244.jpg 1030w, https:\/\/www.iemn.fr\/wp-content\/uploads\/2025\/12\/startups2-768x182.jpg 768w, https:\/\/www.iemn.fr\/wp-content\/uploads\/2025\/12\/startups2-18x4.jpg 18w, https:\/\/www.iemn.fr\/wp-content\/uploads\/2025\/12\/startups2-705x167.jpg 705w\" sizes=\"auto, (max-width: 1110px) 100vw, 1110px\" \/><\/a><\/p>\n<\/div><\/section><\/div>\n<div  class='flex_column av-miprfrpp-fa5f64b36cd306e621736d8c5ee0f754 av_one_fifth  avia-builder-el-3  el_after_av_four_fifth  el_before_av_two_fifth  first flex_column_div av-hide-on-mobile'     ><\/div>\n\n<style type=\"text\/css\" data-created_by=\"avia_inline_auto\" id=\"style-css-av-17cxr98-e5311175e18725bc30bf54e0e38cf8e1\">\n.flex_column.av-17cxr98-e5311175e18725bc30bf54e0e38cf8e1{\nborder-radius:10px 10px 10px 10px;\n}\n<\/style>\n<div  class='flex_column av-17cxr98-e5311175e18725bc30bf54e0e38cf8e1 av_two_fifth  avia-builder-el-4  el_after_av_one_fifth  el_before_av_two_fifth  flex_column_div'     ><style type=\"text\/css\" data-created_by=\"avia_inline_auto\" id=\"style-css-av-miprgfk3-592887d267c39fbe8fbef690e9804fa1\">\n#top .av_textblock_section.av-miprgfk3-592887d267c39fbe8fbef690e9804fa1 .avia_textblock{\ntext-align:justify;\n}\n<\/style>\n<section  class='av_textblock_section av-miprgfk3-592887d267c39fbe8fbef690e9804fa1'   itemscope=\"itemscope\" itemtype=\"https:\/\/schema.org\/BlogPosting\" itemprop=\"blogPost\" ><div class='avia_textblock'  itemprop=\"text\" ><p data-start=\"45\" data-end=\"505\"><img loading=\"lazy\" decoding=\"async\" class=\"wp-image-75946 size-full alignnone\" src=\"https:\/\/www.iemn.fr\/wp-content\/uploads\/2025\/12\/logo_univ_rencontre-1.jpg\" alt=\"\" width=\"400\" height=\"150\" srcset=\"https:\/\/www.iemn.fr\/wp-content\/uploads\/2025\/12\/logo_univ_rencontre-1.jpg 400w, https:\/\/www.iemn.fr\/wp-content\/uploads\/2025\/12\/logo_univ_rencontre-1-300x113.jpg 300w, https:\/\/www.iemn.fr\/wp-content\/uploads\/2025\/12\/logo_univ_rencontre-1-18x7.jpg 18w\" sizes=\"auto, (max-width: 400px) 100vw, 400px\" \/><\/p>\n<p data-start=\"45\" data-end=\"505\"><strong><span style=\"color: #c96965;\">Le 3 d\u00e9cembre l\u2019Universit\u00e9 de Lille et sa Fondation ont r\u00e9uni startups, financeurs, alumni et acteurs institutionnels lors d\u2019une rencontre d\u00e9di\u00e9e \u00e0 l\u2019innovation, organis\u00e9e en partenariat avec Eurasant\u00e9 et le Conseil r\u00e9gional Hauts-de-France.<\/span><\/strong><br \/>\nL\u2019\u00e9v\u00e9nement s\u2019est d\u00e9roul\u00e9 en pr\u00e9sence de Val\u00e9rie Six, Conseill\u00e8re r\u00e9gionale d\u00e9l\u00e9gu\u00e9e \u00e0 l&rsquo;innovation &#8211; Fr\u00e9d\u00e9ric Motte, Pr\u00e9sident de la Fondation de l\u2019Universit\u00e9 de Lille &#8211; de Franck Dumeignil, Vice Pr\u00e9sident Valorisation et lien science-soci\u00e9t\u00e9 et avec la participation de la R\u00e9gion Hauts-de-France.<br \/>\nL\u2019initiative a offert un espace privil\u00e9gi\u00e9 pour des t\u00e9moignages inspirants, des \u00e9changes entre acteurs de l\u2019\u00e9cosyst\u00e8me et des d\u00e9monstrations illustrant le dynamisme de la fili\u00e8re industrielle.<\/p>\n<\/div><\/section><\/div><div  class='flex_column av-kzmuf0-184aed5413bd436c5bfe8f2ea18f20f4 av_two_fifth  avia-builder-el-6  el_after_av_two_fifth  el_before_av_hr  flex_column_div'     ><p>\n<style type=\"text\/css\" data-created_by=\"avia_inline_auto\" id=\"style-css-av-misyyu2x-6360ff4903d0a40225b5ad2db116ee58\">\n#top .hr.hr-invisible.av-misyyu2x-6360ff4903d0a40225b5ad2db116ee58{\nheight:100px;\n}\n<\/style>\n<div  class='hr av-misyyu2x-6360ff4903d0a40225b5ad2db116ee58 hr-invisible  avia-builder-el-7  el_before_av_textblock  avia-builder-el-first  av-medium-hide av-small-hide av-mini-hide'><span class='hr-inner'><span class=\"hr-inner-style\"><\/span><\/span><\/div><br \/>\n\n<style type=\"text\/css\" data-created_by=\"avia_inline_auto\" id=\"style-css-av-miprg2x1-dc54e3b431b10b90d9e42120f322c136\">\n#top .av_textblock_section.av-miprg2x1-dc54e3b431b10b90d9e42120f322c136 .avia_textblock{\ntext-align:justify;\n}\n<\/style>\n<section  class='av_textblock_section av-miprg2x1-dc54e3b431b10b90d9e42120f322c136'   itemscope=\"itemscope\" itemtype=\"https:\/\/schema.org\/BlogPosting\" itemprop=\"blogPost\" ><div class='avia_textblock'  itemprop=\"text\" ><p data-start=\"45\" data-end=\"505\">Cette rencontre a mis en lumi\u00e8re l\u2019entrepreneuriat issu de la recherche universitaire, notamment \u00e0 travers la pr\u00e9sence de <strong><span style=\"color: #c96965;\">deux spin-offs de l&rsquo;IEMN : la startup Voltify et la PME MC2 Technologies.<\/span><\/strong><\/p>\n<p data-start=\"45\" data-end=\"505\">La soir\u00e9e a \u00e9t\u00e9 \u00e9galement marqu\u00e9e par un moment fort : la remise des prix du Concours Innovation 2025, organis\u00e9 par le P\u00f4le Universitaire d\u2019Innovation (PUI) Lille. Parmi les cinq projets pr\u00e9s\u00e9lectionn\u00e9s, deux \u00e9taient port\u00e9s par des (enseignants-) chercheurs de l\u2019IEMN, t\u00e9moignant du dynamisme et de la cr\u00e9ativit\u00e9 de ses \u00e9quipes.<strong><span style=\"color: #c96965;\"> Le projet SONODEL, conduit par Michael Baudoin<\/span><\/strong>\u00a0et\u00a0bas\u00e9 sur des technologies de pinces acoustiques,\u00a0\u00a0s\u2019est particuli\u00e8rement distingu\u00e9 en d\u00e9crochant le deuxi\u00e8me prix du concours.<\/p>\n<p data-start=\"45\" data-end=\"505\"><a href=\"https:\/\/emailing.univ-lille.fr\/newsletter\/emailing-ulille\/archive\/2025\/11\/13\/rencontre-startups\/\" target=\"_blank\" rel=\"noopener\">\n<style type=\"text\/css\" data-created_by=\"avia_inline_auto\" id=\"style-css-av-mqde7m-1-10-8e3db3910fab47624b9a0ca6f9a6f649\">\n.av_font_icon.av-mqde7m-1-10-8e3db3910fab47624b9a0ca6f9a6f649{\ncolor:#bob1b5;\nborder-color:#bob1b5;\n}\n.av_font_icon.av-mqde7m-1-10-8e3db3910fab47624b9a0ca6f9a6f649 .av-icon-char{\nfont-size:25px;\nline-height:25px;\n}\n<\/style>\n<span  class='av_font_icon av-mqde7m-1-10-8e3db3910fab47624b9a0ca6f9a6f649 avia_animate_when_visible av-icon-style- avia-icon-pos-left avia-icon-animate'><span class='av-icon-char' aria-hidden='true' data-av_icon='\ue803' data-av_iconfont='entypo-fontello' ><\/span><\/span>Renseignements et programme de la journ\u00e9e Rencontre Startups<\/a><\/p>\n<\/div><\/section><\/p><\/div><\/p>\n\n<style type=\"text\/css\" data-created_by=\"avia_inline_auto\" id=\"style-css-av-mirimc6f-37e1682f8bf6786bf631962b3f2eab3a\">\n#top .hr.hr-invisible.av-mirimc6f-37e1682f8bf6786bf631962b3f2eab3a{\nheight:50px;\n}\n<\/style>\n<div  class='hr av-mirimc6f-37e1682f8bf6786bf631962b3f2eab3a hr-invisible  avia-builder-el-10  el_after_av_two_fifth  el_before_av_one_fifth'><span class='hr-inner'><span class=\"hr-inner-style\"><\/span><\/span><\/div>\n<div  class='flex_column av-5qir6k-e3d2fcedc4d73550a645825ebb4ac23c av_one_fifth  avia-builder-el-11  el_after_av_hr  el_before_av_four_fifth  first flex_column_div'     ><\/div>\n<div  class='flex_column av-laai58-a5e5188db40c661339887431a52217dc av_four_fifth  avia-builder-el-12  el_after_av_one_fifth  el_before_av_one_fifth  flex_column_div'     ><section  class='av_textblock_section av-mit0d227-ec48bba4edd256073c66796d208a0280'   itemscope=\"itemscope\" itemtype=\"https:\/\/schema.org\/BlogPosting\" itemprop=\"blogPost\" ><div class='avia_textblock'  itemprop=\"text\" ><h2 style=\"text-align: center;\"><span style=\"color: #c96965;\">Les derni\u00e8res actualit\u00e9s des spin-off de l&rsquo;IEMN&#8230;<\/span><\/h2>\n<\/div><\/section><br \/>\n\n<style type=\"text\/css\" data-created_by=\"avia_inline_auto\" id=\"style-css-av-mit0huw2-09481f81acdc57302f2f79796a05f042\">\n#top .hr.av-mit0huw2-09481f81acdc57302f2f79796a05f042{\nmargin-top:30px;\nmargin-bottom:0px;\n}\n.hr.av-mit0huw2-09481f81acdc57302f2f79796a05f042 .hr-inner{\nwidth:500px;\nborder-color:#c96965;\nmax-width:45%;\n}\n.hr.av-mit0huw2-09481f81acdc57302f2f79796a05f042 .av-seperator-icon{\ncolor:#c96965;\n}\n<\/style>\n<div  class='hr av-mit0huw2-09481f81acdc57302f2f79796a05f042 hr-custom  avia-builder-el-14  el_after_av_textblock  avia-builder-el-last  hr-center hr-icon-yes'><span class='hr-inner inner-border-av-border-fat'><span class=\"hr-inner-style\"><\/span><\/span><span class='av-seperator-icon' aria-hidden='true' data-av_icon='\ue808' data-av_iconfont='entypo-fontello'><\/span><span class='hr-inner inner-border-av-border-fat'><span class=\"hr-inner-style\"><\/span><\/span><\/div><\/p><\/div>\n<div  class='flex_column av-3gn54d8-5faa7abd6f24b9fd5120b1c0dddc2e95 av_one_fifth  avia-builder-el-15  el_after_av_four_fifth  el_before_av_two_fifth  first flex_column_div av-hide-on-mobile'     ><\/div>\n\n<style type=\"text\/css\" data-created_by=\"avia_inline_auto\" id=\"style-css-av-33gki2k-78cc515b880631cabdccdb11e9b02534\">\n.flex_column.av-33gki2k-78cc515b880631cabdccdb11e9b02534{\nborder-width:10px;\nborder-color:#f2f2f2;\nborder-style:solid;\nborder-radius:10px 10px 10px 10px;\nbackground-color:#f2f2f2;\n}\n<\/style>\n<div  class='flex_column av-33gki2k-78cc515b880631cabdccdb11e9b02534 av_two_fifth  avia-builder-el-16  el_after_av_one_fifth  el_before_av_two_fifth  flex_column_div'     ><style type=\"text\/css\" data-created_by=\"avia_inline_auto\" id=\"style-css-av-mirhdbc7-dc0897765337ca23e6ccebaae20c9ab2\">\n#top .av_textblock_section.av-mirhdbc7-dc0897765337ca23e6ccebaae20c9ab2 .avia_textblock{\ntext-align:justify;\n}\n<\/style>\n<section  class='av_textblock_section av-mirhdbc7-dc0897765337ca23e6ccebaae20c9ab2'   itemscope=\"itemscope\" itemtype=\"https:\/\/schema.org\/BlogPosting\" itemprop=\"blogPost\" ><div class='avia_textblock'  itemprop=\"text\" ><p style=\"text-align: center;\" data-start=\"45\" data-end=\"505\"><img loading=\"lazy\" decoding=\"async\" class=\"alignnone wp-image-72658\" src=\"https:\/\/www.iemn.fr\/wp-content\/uploads\/2025\/02\/logo_voltify.jpg\" alt=\"\" width=\"200\" height=\"60\" srcset=\"https:\/\/www.iemn.fr\/wp-content\/uploads\/2025\/02\/logo_voltify.jpg 598w, https:\/\/www.iemn.fr\/wp-content\/uploads\/2025\/02\/logo_voltify-300x90.jpg 300w, https:\/\/www.iemn.fr\/wp-content\/uploads\/2025\/02\/logo_voltify-18x5.jpg 18w\" sizes=\"auto, (max-width: 200px) 100vw, 200px\" \/><\/p>\n<h3 style=\"text-align: center;\" data-start=\"45\" data-end=\"505\"><span style=\"color: #377b82;\">Derni\u00e8res Actus VOLTIFY<\/span><\/h3>\n<\/div><\/section><br \/>\n\n<style type=\"text\/css\" data-created_by=\"avia_inline_auto\" id=\"style-css-av-miri8579-2b01a9cfcedd867631c4c65656dff1f8\">\n#top .hr.av-miri8579-2b01a9cfcedd867631c4c65656dff1f8{\nmargin-top:30px;\nmargin-bottom:30px;\n}\n.hr.av-miri8579-2b01a9cfcedd867631c4c65656dff1f8 .hr-inner{\nwidth:300px;\nborder-color:#377b82;\nmax-width:45%;\n}\n.hr.av-miri8579-2b01a9cfcedd867631c4c65656dff1f8 .av-seperator-icon{\ncolor:#377b82;\n}\n<\/style>\n<div  class='hr av-miri8579-2b01a9cfcedd867631c4c65656dff1f8 hr-custom  avia-builder-el-18  el_after_av_textblock  el_before_av_textblock  hr-center hr-icon-yes'><span class='hr-inner inner-border-av-border-fat'><span class=\"hr-inner-style\"><\/span><\/span><span class='av-seperator-icon' aria-hidden='true' data-av_icon='\ue808' data-av_iconfont='entypo-fontello'><\/span><span class='hr-inner inner-border-av-border-fat'><span class=\"hr-inner-style\"><\/span><\/span><\/div><br \/>\n\n<style type=\"text\/css\" data-created_by=\"avia_inline_auto\" id=\"style-css-av-mirhnokc-727ca950e8d00b89ace1f30a112334df\">\n#top .av_textblock_section.av-mirhnokc-727ca950e8d00b89ace1f30a112334df .avia_textblock{\ntext-align:justify;\n}\n<\/style>\n<section  class='av_textblock_section av-mirhnokc-727ca950e8d00b89ace1f30a112334df'   itemscope=\"itemscope\" itemtype=\"https:\/\/schema.org\/BlogPosting\" itemprop=\"blogPost\" ><div class='avia_textblock'  itemprop=\"text\" ><p data-start=\"45\" data-end=\"505\"><strong><span style=\"color: #c96965;\">\n<style type=\"text\/css\" data-created_by=\"avia_inline_auto\" id=\"style-css-av-mqde7m-1-10-5-d2f85e235effad4b089c7ad7a9a46fa8\">\n.av_font_icon.av-mqde7m-1-10-5-d2f85e235effad4b089c7ad7a9a46fa8{\ncolor:#c96965;\nborder-color:#c96965;\n}\n.av_font_icon.av-mqde7m-1-10-5-d2f85e235effad4b089c7ad7a9a46fa8 .av-icon-char{\nfont-size:20px;\nline-height:20px;\n}\n<\/style>\n<span  class='av_font_icon av-mqde7m-1-10-5-d2f85e235effad4b089c7ad7a9a46fa8 avia_animate_when_visible av-icon-style- avia-icon-pos-left avia-icon-animate'><span class='av-icon-char' aria-hidden='true' data-av_icon='\ue832' data-av_iconfont='entypo-fontello' ><\/span><\/span>La MEL met VOLTIFY \u00e0 l&rsquo;honneur au salon Viva Technology<\/span><\/strong><br \/>\nParmi les 25 spin-off exposantes : Mention Sp\u00e9ciale pour VOLTIFY, remarqu\u00e9e pour sa s\u00e9lection au Global Deep Tech Battle organis\u00e9 par Swisstech !<br \/>\n<a href=\"https:\/\/www.iemn.fr\/en\/newsletter\/voltify-mis-a-l-honneur-viva-technology.html\/\" target=\"_blank\" rel=\"noopener\">En savoir +<\/a><\/p>\n<p data-start=\"45\" data-end=\"505\"><strong><span style=\"color: #c96965;\">\n<style type=\"text\/css\" data-created_by=\"avia_inline_auto\" id=\"style-css-av-mqde7m-1-10-4-2bb2b7d964cc4ab1d4dcb1f3ac15914c\">\n.av_font_icon.av-mqde7m-1-10-4-2bb2b7d964cc4ab1d4dcb1f3ac15914c{\ncolor:#c96965;\nborder-color:#c96965;\n}\n.av_font_icon.av-mqde7m-1-10-4-2bb2b7d964cc4ab1d4dcb1f3ac15914c .av-icon-char{\nfont-size:20px;\nline-height:20px;\n}\n<\/style>\n<span  class='av_font_icon av-mqde7m-1-10-4-2bb2b7d964cc4ab1d4dcb1f3ac15914c avia_animate_when_visible av-icon-style- avia-icon-pos-left avia-icon-animate'><span class='av-icon-char' aria-hidden='true' data-av_icon='\ue832' data-av_iconfont='entypo-fontello' ><\/span><\/span>VOLTIFY laur\u00e9ate de la 26 \u00e8me \u00e9dition du concours d&rsquo;innovation d&rsquo;i-lab<\/span><\/strong><br \/>\nVoltify propose des micro-batteries r\u00e9volutionnaires pour des dispositifs miniaturis\u00e9s comme les capteurs m\u00e9dicaux implantables. Gr\u00e2ce \u00e0 une technologie 3D, leurs batteries sont 250 fois plus compactes que les solutions existantes. La spin-off vise en priorit\u00e9 le secteur m\u00e9dical, avec des applications pour la surveillance de maladies chroniques. Voltify est \u00e9galement en lev\u00e9e de fonds pour soutenir son industrialisation.<br \/>\n<a href=\"https:\/\/www.info.gouv.fr\/upload\/media\/content\/0001\/12\/31ee521e412363b8b1864ad5c2fd26db56aa057f.pdf\" target=\"_blank\" rel=\"noopener\">En savoir +<\/a><\/p>\n<\/div><\/section><\/p><\/div>\n\n<style type=\"text\/css\" data-created_by=\"avia_inline_auto\" id=\"style-css-av-wybtfg-fa791689b9e003b811e4c5f470014172\">\n.flex_column.av-wybtfg-fa791689b9e003b811e4c5f470014172{\nborder-width:10px;\nborder-color:#f2f2f2;\nborder-style:solid;\nborder-radius:10px 10px 10px 10px;\nbackground-color:#f2f2f2;\n}\n<\/style>\n<div  class='flex_column av-wybtfg-fa791689b9e003b811e4c5f470014172 av_two_fifth  avia-builder-el-22  el_after_av_two_fifth  avia-builder-el-last  flex_column_div'     ><style type=\"text\/css\" data-created_by=\"avia_inline_auto\" id=\"style-css-av-mirif2ts-23d341b528b852477f88de23c06247e7\">\n#top .av_textblock_section.av-mirif2ts-23d341b528b852477f88de23c06247e7 .avia_textblock{\ntext-align:justify;\n}\n<\/style>\n<section  class='av_textblock_section av-mirif2ts-23d341b528b852477f88de23c06247e7'   itemscope=\"itemscope\" itemtype=\"https:\/\/schema.org\/BlogPosting\" itemprop=\"blogPost\" ><div class='avia_textblock'  itemprop=\"text\" ><p style=\"text-align: center;\" data-start=\"45\" data-end=\"505\"><img loading=\"lazy\" decoding=\"async\" class=\"alignnone wp-image-18837\" src=\"https:\/\/www.iemn.fr\/wp-content\/uploads\/2018\/06\/Logo_MC2_technologies.png\" alt=\"\" width=\"170\" height=\"59\" srcset=\"https:\/\/www.iemn.fr\/wp-content\/uploads\/2018\/06\/Logo_MC2_technologies.png 400w, https:\/\/www.iemn.fr\/wp-content\/uploads\/2018\/06\/Logo_MC2_technologies-300x105.png 300w\" sizes=\"auto, (max-width: 170px) 100vw, 170px\" \/><\/p>\n<h3 style=\"text-align: center;\" data-start=\"45\" data-end=\"505\"><span style=\"color: #377b82;\">Derni\u00e8res Actus MC2<\/span><\/h3>\n<\/div><\/section><br \/>\n\n<style type=\"text\/css\" data-created_by=\"avia_inline_auto\" id=\"style-css-av-2majng-b02ea4ed9a30c24a81ba7b824a352de8\">\n#top .hr.av-2majng-b02ea4ed9a30c24a81ba7b824a352de8{\nmargin-top:30px;\nmargin-bottom:30px;\n}\n.hr.av-2majng-b02ea4ed9a30c24a81ba7b824a352de8 .hr-inner{\nwidth:300px;\nborder-color:#377b82;\nmax-width:45%;\n}\n.hr.av-2majng-b02ea4ed9a30c24a81ba7b824a352de8 .av-seperator-icon{\ncolor:#377b82;\n}\n<\/style>\n<div  class='hr av-2majng-b02ea4ed9a30c24a81ba7b824a352de8 hr-custom  avia-builder-el-24  el_after_av_textblock  el_before_av_textblock  hr-center hr-icon-yes'><span class='hr-inner inner-border-av-border-fat'><span class=\"hr-inner-style\"><\/span><\/span><span class='av-seperator-icon' aria-hidden='true' data-av_icon='\ue808' data-av_iconfont='entypo-fontello'><\/span><span class='hr-inner inner-border-av-border-fat'><span class=\"hr-inner-style\"><\/span><\/span><\/div><br \/>\n\n<style type=\"text\/css\" data-created_by=\"avia_inline_auto\" id=\"style-css-av-15e9lr0-5e1ca232cb2d3c9d381255355b712ce1\">\n#top .av_textblock_section.av-15e9lr0-5e1ca232cb2d3c9d381255355b712ce1 .avia_textblock{\ntext-align:justify;\n}\n<\/style>\n<section  class='av_textblock_section av-15e9lr0-5e1ca232cb2d3c9d381255355b712ce1'   itemscope=\"itemscope\" itemtype=\"https:\/\/schema.org\/BlogPosting\" itemprop=\"blogPost\" ><div class='avia_textblock'  itemprop=\"text\" ><p data-start=\"45\" data-end=\"505\"><strong><span style=\"color: #c96965;\">\n<style type=\"text\/css\" data-created_by=\"avia_inline_auto\" id=\"style-css-av-mqde7m-1-10-3-413febd2f5f75b5541cf242ad4d57f4c\">\n.av_font_icon.av-mqde7m-1-10-3-413febd2f5f75b5541cf242ad4d57f4c{\ncolor:#c96965;\nborder-color:#c96965;\n}\n.av_font_icon.av-mqde7m-1-10-3-413febd2f5f75b5541cf242ad4d57f4c .av-icon-char{\nfont-size:20px;\nline-height:20px;\n}\n<\/style>\n<span  class='av_font_icon av-mqde7m-1-10-3-413febd2f5f75b5541cf242ad4d57f4c avia_animate_when_visible av-icon-style- avia-icon-pos-left avia-icon-animate'><span class='av-icon-char' aria-hidden='true' data-av_icon='\ue832' data-av_iconfont='entypo-fontello' ><\/span><\/span>La nouvelle g\u00e9n\u00e9ration de radars pour une d\u00e9tection anti-drone ultra-pr\u00e9cise !<\/span><\/strong><br \/>\nMaquette du radar META pr\u00e9sent\u00e9e au Forum Innovation D\u00e9fense (FID), solution innovante d\u00e9di\u00e9e \u00e0 la d\u00e9tection et \u00e0 la neutralisation des drones. META combine une technologie Terahertz et une analyse micro-Doppler pour offrir une d\u00e9tection 360\u00b0, en temps r\u00e9el, m\u00eame dans les environnements les plus complexes.<br \/>\n<a href=\"https:\/\/www.linkedin.com\/posts\/mc2technologies_fid-radar-innovation-activity-7400481195857289216-EKjf?utm_source=share&amp;utm_medium=member_desktop&amp;rcm=ACoAAEnRoUwBjEsaPcXh21-5-gbdt3Yqe3JI2zg\" target=\"_blank\" rel=\"noopener\">En savoir +<\/a><\/p>\n<p data-start=\"45\" data-end=\"505\"><strong><span style=\"color: #c96965;\">\n<style type=\"text\/css\" data-created_by=\"avia_inline_auto\" id=\"style-css-av-mqde7m-1-10-2-be1ad9ab5eee13286d8e423269092a0a\">\n.av_font_icon.av-mqde7m-1-10-2-be1ad9ab5eee13286d8e423269092a0a{\ncolor:#c96965;\nborder-color:#c96965;\n}\n.av_font_icon.av-mqde7m-1-10-2-be1ad9ab5eee13286d8e423269092a0a .av-icon-char{\nfont-size:20px;\nline-height:20px;\n}\n<\/style>\n<span  class='av_font_icon av-mqde7m-1-10-2-be1ad9ab5eee13286d8e423269092a0a avia_animate_when_visible av-icon-style- avia-icon-pos-left avia-icon-animate'><span class='av-icon-char' aria-hidden='true' data-av_icon='\ue832' data-av_iconfont='entypo-fontello' ><\/span><\/span>MC2 r\u00e9compens\u00e9e par le label Perseus 2025 !<\/span><\/strong><br \/>\nLabel re\u00e7u lors du Forum Innovation D\u00e9fense (FID) pour les exp\u00e9rimentations men\u00e9es avec la Marine Nationale autour du brouilleur MAJES DFB6, solutions en mati\u00e8re de guerre \u00e9lectronique et de lutte anti-drone.<br \/>\n<a href=\"https:\/\/www.linkedin.com\/posts\/mc2technologies_foruminnovationdaezfense-aid-innovation-activity-7399804212567724032-pPWZ?utm_source=share&amp;utm_medium=member_ios&amp;rcm=ACoAAEnRoUwBjEsaPcXh21-5-gbdt3Yqe3JI2zg\" target=\"_blank\" rel=\"noopener\">En savoir +<\/a><\/p>\n<p data-start=\"45\" data-end=\"505\"><strong><span style=\"color: #377b82;\">\n<style type=\"text\/css\" data-created_by=\"avia_inline_auto\" id=\"style-css-av-mqde7m-1-10-1-a5fdc62cdaba66b24829b47d82ba4ee2\">\n.av_font_icon.av-mqde7m-1-10-1-a5fdc62cdaba66b24829b47d82ba4ee2{\ncolor:#c96965;\nborder-color:#c96965;\n}\n.av_font_icon.av-mqde7m-1-10-1-a5fdc62cdaba66b24829b47d82ba4ee2 .av-icon-char{\nfont-size:20px;\nline-height:20px;\n}\n<\/style>\n<span  class='av_font_icon av-mqde7m-1-10-1-a5fdc62cdaba66b24829b47d82ba4ee2 avia_animate_when_visible av-icon-style- avia-icon-pos-left avia-icon-animate'><span class='av-icon-char' aria-hidden='true' data-av_icon='\ue832' data-av_iconfont='entypo-fontello' ><\/span><\/span><\/span><\/strong>Sur le campus Entreprises &amp; Cit\u00e9s de Marcq en Baroeul, le Comit\u00e9 Liaison D\u00e9fense du MEDEF Hauts-de-France accueille<strong><span style=\"color: #377b82;\"> l<\/span><span style=\"color: #c96965;\">a signature r\u00e9gionale du manifeste ProMil\u00e8s par MC2 Technologies.<\/span><\/strong><br \/>\n<a href=\"https:\/\/www.linkedin.com\/posts\/mc2technologies_\u00e7a-sest-pass\u00e9-hier-mercredi-8-octobre-activity-7382058126402949120-ltGh?utm_source=share&amp;utm_medium=member_desktop&amp;rcm=ACoAAEnRoUwBjEsaPcXh21-5-gbdt3Yqe3JI2zg\" target=\"_blank\" rel=\"noopener\">En savoir +<\/a><\/p>\n<\/div><\/section><\/p><\/div>","protected":false},"excerpt":{"rendered":"","protected":false},"author":2,"featured_media":0,"comment_status":"closed","ping_status":"closed","sticky":false,"template":"","format":"standard","meta":{"footnotes":""},"categories":[297],"tags":[],"class_list":["post-75932","post","type-post","status-publish","format-standard","hentry","category-newsletter"],"_links":{"self":[{"href":"https:\/\/www.iemn.fr\/en\/wp-json\/wp\/v2\/posts\/75932","targetHints":{"allow":["GET"]}}],"collection":[{"href":"https:\/\/www.iemn.fr\/en\/wp-json\/wp\/v2\/posts"}],"about":[{"href":"https:\/\/www.iemn.fr\/en\/wp-json\/wp\/v2\/types\/post"}],"author":[{"embeddable":true,"href":"https:\/\/www.iemn.fr\/en\/wp-json\/wp\/v2\/users\/2"}],"replies":[{"embeddable":true,"href":"https:\/\/www.iemn.fr\/en\/wp-json\/wp\/v2\/comments?post=75932"}],"version-history":[{"count":61,"href":"https:\/\/www.iemn.fr\/en\/wp-json\/wp\/v2\/posts\/75932\/revisions"}],"predecessor-version":[{"id":76562,"href":"https:\/\/www.iemn.fr\/en\/wp-json\/wp\/v2\/posts\/75932\/revisions\/76562"}],"wp:attachment":[{"href":"https:\/\/www.iemn.fr\/en\/wp-json\/wp\/v2\/media?parent=75932"}],"wp:term":[{"taxonomy":"category","embeddable":true,"href":"https:\/\/www.iemn.fr\/en\/wp-json\/wp\/v2\/categories?post=75932"},{"taxonomy":"post_tag","embeddable":true,"href":"https:\/\/www.iemn.fr\/en\/wp-json\/wp\/v2\/tags?post=75932"}],"curies":[{"name":"wp","href":"https:\/\/api.w.org\/{rel}","templated":true}]}}