{"id":75885,"date":"2025-12-02T14:52:41","date_gmt":"2025-12-02T12:52:41","guid":{"rendered":"https:\/\/www.iemn.fr\/?p=75885"},"modified":"2025-12-02T17:00:21","modified_gmt":"2025-12-02T15:00:21","slug":"transmission-et-memoire-inauguration-amphitheatre-eugene-constant","status":"publish","type":"post","link":"https:\/\/www.iemn.fr\/en\/newsletter\/transmission-et-memoire-inauguration-amphitheatre-eugene-constant.html","title":{"rendered":"Transmission et m\u00e9moire :  Inauguration de l\u2019Amphith\u00e9\u00e2tre Eug\u00e8ne Constant"},"content":{"rendered":"<div  class='flex_column av-r2m2od-db420d34a630f0b03c604ec702d9eb33 av_one_fifth  avia-builder-el-0  el_before_av_four_fifth  avia-builder-el-first  first flex_column_div av-hide-on-mobile'     ><\/div>\n<div  class='flex_column av-8wzgt-2677dfd4478260df4c7297483639e708 av_four_fifth  avia-builder-el-1  el_after_av_one_fifth  el_before_av_one_fifth  flex_column_div'     ><section  class='av_textblock_section av-mion4ffo-742a3f1b9b42a8ac0ecb67b7455eef45'   itemscope=\"itemscope\" itemtype=\"https:\/\/schema.org\/BlogPosting\" itemprop=\"blogPost\" ><div class='avia_textblock'  itemprop=\"text\" ><h5 style=\"text-align: left; line-height: 24px;\"><img loading=\"lazy\" decoding=\"async\" class=\"aligncenter wp-image-75896\" src=\"https:\/\/www.iemn.fr\/wp-content\/uploads\/2025\/12\/anphitheatre_constant.jpg\" alt=\"\" width=\"900\" height=\"558\" srcset=\"https:\/\/www.iemn.fr\/wp-content\/uploads\/2025\/12\/anphitheatre_constant.jpg 1200w, https:\/\/www.iemn.fr\/wp-content\/uploads\/2025\/12\/anphitheatre_constant-300x186.jpg 300w, https:\/\/www.iemn.fr\/wp-content\/uploads\/2025\/12\/anphitheatre_constant-1030x639.jpg 1030w, https:\/\/www.iemn.fr\/wp-content\/uploads\/2025\/12\/anphitheatre_constant-768x476.jpg 768w, https:\/\/www.iemn.fr\/wp-content\/uploads\/2025\/12\/anphitheatre_constant-18x12.jpg 18w, https:\/\/www.iemn.fr\/wp-content\/uploads\/2025\/12\/anphitheatre_constant-705x437.jpg 705w\" sizes=\"auto, (max-width: 900px) 100vw, 900px\" \/><\/h5>\n<\/div><\/section><\/div>\n<div  class='flex_column av-2ladej1-ae292809a51a04155a4b0173208df190 av_one_fifth  avia-builder-el-3  el_after_av_four_fifth  el_before_av_two_fifth  first flex_column_div'     ><\/div>\n<div  class='flex_column av-29c7pyl-88bdd453582ae9b186683e564b70d62c av_two_fifth  avia-builder-el-4  el_after_av_one_fifth  el_before_av_two_fifth  flex_column_div'     ><section  class='av_textblock_section av-mionnchz-566d2604eac0ed6efdf2663b26f36036'   itemscope=\"itemscope\" itemtype=\"https:\/\/schema.org\/BlogPosting\" itemprop=\"blogPost\" ><div class='avia_textblock'  itemprop=\"text\" ><h5 style=\"text-align: justify; line-height: 24px;\"><span style=\"color: #325e73;\">Un choix symbolique, presque \u00e9vident, pour honorer Eug\u00e8ne Constant, premier directeur du laboratoire de 1992 \u00e0 1998. Un homme dont l\u2019\u00e9nergie et la vision ont donn\u00e9 \u00e0 l\u2019institut son \u00e9lan et sa personnalit\u00e9. Pour l\u2019occasion, de nombreuses figures de l\u2019IEMN avaient fait le d\u00e9placement : Monique Constant, son \u00e9pouse, ainsi que plusieurs anciens directeurs \u2014 Georges Salmer, Directeur de l\u2019IEMN de 1998 \u00e0 2001 \u2014 Alain Cappy, Directeur de 2002 \u00e0 2009 \u2014 Lionel Buchaillot, Directeur de 2010 \u00e0 2019 et Directeur actuel de l&rsquo;Institut Ing\u00e9nierie du CNRS\u00a0\u2014 sans oublier Thierry Melin, l\u2019actuel directeur de l&rsquo;IEMN, et une belle assembl\u00e9e de coll\u00e8gues venus partager ce moment.<\/span><\/h5>\n<\/div><\/section><\/div><div  class='flex_column av-1hgh171-26ba0a486f876176a6c4a8fca4fbe555 av_two_fifth  avia-builder-el-6  el_after_av_two_fifth  avia-builder-el-last  flex_column_div'     ><section  class='av_textblock_section av-mionnja6-b5d371bab1df72fba4edbf3c83a6a35d'   itemscope=\"itemscope\" itemtype=\"https:\/\/schema.org\/BlogPosting\" itemprop=\"blogPost\" ><div class='avia_textblock'  itemprop=\"text\" ><p>\n<style type=\"text\/css\" data-created_by=\"avia_inline_auto\" id=\"style-css-av-1ajwk4t-c3063a7a25814b1d10b7c11ae06584bb\">\n.av_font_icon.av-1ajwk4t-c3063a7a25814b1d10b7c11ae06584bb{\ncolor:#325e73;\nborder-color:#325e73;\n}\n.av_font_icon.av-1ajwk4t-c3063a7a25814b1d10b7c11ae06584bb .av-icon-char{\nfont-size:25px;\nline-height:25px;\n}\n<\/style>\n<span  class='av_font_icon av-1ajwk4t-c3063a7a25814b1d10b7c11ae06584bb avia_animate_when_visible av-icon-style- avia-icon-pos-left avia-icon-animate'><span class='av-icon-char' aria-hidden='true' data-av_icon='\ue833' data-av_iconfont='entypo-fontello' ><\/span><\/span> Premier directeur de l&rsquo;IEMN, expert reconnu des semiconducteurs et des dispositifs hyperfr\u00e9quences, Eug\u00e8ne Constant \u00e9tait un d\u00e9fenseur acharn\u00e9 d&rsquo;une recherche allant du fondamental au plus appliqu\u00e9. Visionnaire, il fut l\u2019un des artisans de la cr\u00e9ation de l\u2019IEMN tel qu\u2019on le conna\u00eet aujourd\u2019hui : un laboratoire o\u00f9 se rencontrent diff\u00e9rentes communaut\u00e9s scientifiques pour faire na\u00eetre \u00e9changes, id\u00e9es et projets pluridisciplinaires.<\/p>\n<p>\n<style type=\"text\/css\" data-created_by=\"avia_inline_auto\" id=\"style-css-av-vp50kt-60fac93aaccc5af760a35d64f1e82f06\">\n.av_font_icon.av-vp50kt-60fac93aaccc5af760a35d64f1e82f06{\ncolor:#325e73;\nborder-color:#325e73;\n}\n.av_font_icon.av-vp50kt-60fac93aaccc5af760a35d64f1e82f06 .av-icon-char{\nfont-size:25px;\nline-height:25px;\n}\n<\/style>\n<span  class='av_font_icon av-vp50kt-60fac93aaccc5af760a35d64f1e82f06 avia_animate_when_visible av-icon-style- avia-icon-pos-left avia-icon-animate'><span class='av-icon-char' aria-hidden='true' data-av_icon='\ue833' data-av_iconfont='entypo-fontello' ><\/span><\/span>Brillant chercheur, il \u00e9tait aussi un enseignant hors pair. Passionn\u00e9, clair, captivant, il avait ce talent rare\u00a0de transmettre le sens physique des ph\u00e9nom\u00e8nes \u00e9tudi\u00e9s m\u00eame lorsque ceux-ci \u00e9taient cach\u00e9s derri\u00e8re des \u00e9quations complexes. Un p\u00e9dagogue dont les \u00e9tudiants et les jeunes coll\u00e8gues se souviennent avec admiration.<\/p>\n<\/div><\/section><\/div><\/p>","protected":false},"excerpt":{"rendered":"","protected":false},"author":2,"featured_media":0,"comment_status":"closed","ping_status":"closed","sticky":false,"template":"","format":"standard","meta":{"footnotes":""},"categories":[297],"tags":[],"class_list":["post-75885","post","type-post","status-publish","format-standard","hentry","category-newsletter"],"_links":{"self":[{"href":"https:\/\/www.iemn.fr\/en\/wp-json\/wp\/v2\/posts\/75885","targetHints":{"allow":["GET"]}}],"collection":[{"href":"https:\/\/www.iemn.fr\/en\/wp-json\/wp\/v2\/posts"}],"about":[{"href":"https:\/\/www.iemn.fr\/en\/wp-json\/wp\/v2\/types\/post"}],"author":[{"embeddable":true,"href":"https:\/\/www.iemn.fr\/en\/wp-json\/wp\/v2\/users\/2"}],"replies":[{"embeddable":true,"href":"https:\/\/www.iemn.fr\/en\/wp-json\/wp\/v2\/comments?post=75885"}],"version-history":[{"count":10,"href":"https:\/\/www.iemn.fr\/en\/wp-json\/wp\/v2\/posts\/75885\/revisions"}],"predecessor-version":[{"id":76375,"href":"https:\/\/www.iemn.fr\/en\/wp-json\/wp\/v2\/posts\/75885\/revisions\/76375"}],"wp:attachment":[{"href":"https:\/\/www.iemn.fr\/en\/wp-json\/wp\/v2\/media?parent=75885"}],"wp:term":[{"taxonomy":"category","embeddable":true,"href":"https:\/\/www.iemn.fr\/en\/wp-json\/wp\/v2\/categories?post=75885"},{"taxonomy":"post_tag","embeddable":true,"href":"https:\/\/www.iemn.fr\/en\/wp-json\/wp\/v2\/tags?post=75885"}],"curies":[{"name":"wp","href":"https:\/\/api.w.org\/{rel}","templated":true}]}}