{"id":29421,"date":"2018-12-06T12:01:22","date_gmt":"2018-12-06T10:01:22","guid":{"rendered":"https:\/\/www.iemn.fr\/?p=29421"},"modified":"2019-04-11T10:37:11","modified_gmt":"2019-04-11T08:37:11","slug":"ulrich-biaou","status":"publish","type":"post","link":"https:\/\/www.iemn.fr\/en\/actualites\/ulrich-biaou.html","title":{"rendered":"Prix Emergence pour Ulrich BIAOU cr\u00e9ateur de la startup BESTTIC"},"content":{"rendered":"<div id='layer_slider_1'  class='avia-layerslider main_color avia-shadow  avia-builder-el-0  el_before_av_textblock  avia-builder-el-first  container_wrap sidebar_right'  style='height: 261px;'  ><div id=\"layerslider_58_1c94km83p4kv6\" data-ls-slug=\"homepageslider\" class=\"ls-wp-container fitvidsignore ls-selectable\" style=\"width:1140px;height:260px;margin:0 auto;margin-bottom: 0px;\"><div class=\"ls-slide\" data-ls=\"duration:6000;transition2d:5;\"><img loading=\"lazy\" decoding=\"async\" width=\"2600\" height=\"270\" src=\"https:\/\/www.iemn.fr\/wp-content\/uploads\/2019\/01\/sliders_news1.jpg\" class=\"ls-bg\" alt=\"\" srcset=\"https:\/\/www.iemn.fr\/wp-content\/uploads\/2019\/01\/sliders_news1.jpg 2600w, https:\/\/www.iemn.fr\/wp-content\/uploads\/2019\/01\/sliders_news1-300x31.jpg 300w, https:\/\/www.iemn.fr\/wp-content\/uploads\/2019\/01\/sliders_news1-768x80.jpg 768w, https:\/\/www.iemn.fr\/wp-content\/uploads\/2019\/01\/sliders_news1-1030x107.jpg 1030w, https:\/\/www.iemn.fr\/wp-content\/uploads\/2019\/01\/sliders_news1-1500x156.jpg 1500w, https:\/\/www.iemn.fr\/wp-content\/uploads\/2019\/01\/sliders_news1-705x73.jpg 705w\" sizes=\"auto, (max-width: 2600px) 100vw, 2600px\" \/><ls-layer style=\"font-size:14px;text-align:left;font-style:normal;text-decoration:none;text-transform:none;font-weight:700;letter-spacing:0px;border-style:solid;border-color:#000;background-position:0% 0%;background-repeat:no-repeat;width:180px;height:30px;left:0px;top:231px;line-height:32px;color:#ffffff;border-radius:6px 6px 6px 6px;padding-left:50px;background-color:rgba(0, 0, 0, 0.57);\" class=\"ls-l ls-ib-icon ls-text-layer\" data-ls=\"minfontsize:0;minmobilefontsize:0;\"><i class=\"fa fa-quote-right\" style=\"color:#ffffff;margin-right:0.8em;font-size:1em;transform:translateY( -0.125em );\"><\/i>ACTUALITES<\/ls-layer><\/div><\/div><\/div><div id='after_layer_slider_1'  class='main_color av_default_container_wrap container_wrap sidebar_right'  ><div class='container av-section-cont-open' ><div class='template-page content  av-content-small alpha units'><div class='post-entry post-entry-type-page post-entry-29421'><div class='entry-content-wrapper clearfix'>\n<section  class='av_textblock_section av-av_textblock-445188a952fb265869ea404d0e52fad7'   itemscope=\"itemscope\" itemtype=\"https:\/\/schema.org\/BlogPosting\" itemprop=\"blogPost\" ><div class='avia_textblock'  itemprop=\"text\" ><p><a href=\"http:\/\/besttic.fr\/\" target=\"_blank\" rel=\"noopener noreferrer\">Besttic<\/a> est une startup du Technopole TRANSALLEY d\u00e9di\u00e9e aux nouvelles technologies de l\u2019information pour le ferroviaire et le b\u00e2timent. Elle a \u00e9t\u00e9 cr\u00e9\u00e9e en mars 2018 par Ulrich BIAOU suite \u00e0 sa th\u00e8se de doctorat \u00e0 l\u2019IEMN-DOAE \u00e0 l\u2019UPHF.<\/p>\n<p>Il a d\u00e9velopp\u00e9 un projet de plateforme IoT pour l\u2019aide \u00e0 la maintenance pr\u00e9dictive et \u00e0 l\u2019efficience \u00e9nerg\u00e9tique des trains.<\/p>\n<p>\u00a0<\/p>\n<p><strong>Mr Ulrich BIAOU a re\u00e7u le prix Emergence (2<sup>\u00e8me<\/sup> prix) de la r\u00e9gion Haut-De-France du challenge Chercheurs-Entrepreneurs 2018.<\/strong><\/p>\n<p><strong>Il a ainsi particip\u00e9 \u00e0 la finale nationale de ce challenge qui a eu lieu \u00e0 la Sorbonne le Jeudi 22 Novembre 2018.<\/strong><\/p>\n<div id=\"attachment_29411\" style=\"width: 380px\" class=\"wp-caption alignleft\"><a href=\"https:\/\/www.iemn.fr\/wp-content\/uploads\/2018\/05\/ulrich_biaou.jpg\"><img loading=\"lazy\" decoding=\"async\" aria-describedby=\"caption-attachment-29411\" class=\"wp-image-29411\" title=\"Le Laur\u00e9at Ulrich BIAOU du prix Emergence de la r\u00e9gion Haut-De-France du challenge Chercheurs-Entrepreneurs 2018.\" src=\"https:\/\/www.iemn.fr\/wp-content\/uploads\/2018\/05\/ulrich_biaou.jpg\" alt=\"Le Laur\u00e9at Ulrich BIAOU du prix Emergence de la r\u00e9gion Haut-De-France du challenge Chercheurs-Entrepreneurs 2018.\" width=\"370\" height=\"493\" srcset=\"https:\/\/www.iemn.fr\/wp-content\/uploads\/2018\/05\/ulrich_biaou.jpg 3024w, https:\/\/www.iemn.fr\/wp-content\/uploads\/2018\/05\/ulrich_biaou-225x300.jpg 225w, https:\/\/www.iemn.fr\/wp-content\/uploads\/2018\/05\/ulrich_biaou-768x1024.jpg 768w, https:\/\/www.iemn.fr\/wp-content\/uploads\/2018\/05\/ulrich_biaou-773x1030.jpg 773w, https:\/\/www.iemn.fr\/wp-content\/uploads\/2018\/05\/ulrich_biaou-1125x1500.jpg 1125w, https:\/\/www.iemn.fr\/wp-content\/uploads\/2018\/05\/ulrich_biaou-529x705.jpg 529w\" sizes=\"auto, (max-width: 370px) 100vw, 370px\" \/><\/a><p id=\"caption-attachment-29411\" class=\"wp-caption-text\">Le Laur\u00e9at Ulrich BIAOU du prix Emergence de la r\u00e9gion Haut-De-France du challenge Chercheurs-Entrepreneurs 2018.<\/p><\/div>\n<div id=\"attachment_29413\" style=\"width: 380px\" class=\"wp-caption alignright\"><a href=\"https:\/\/www.iemn.fr\/wp-content\/uploads\/2018\/05\/ulrich_biaou_atika_rivenq_iemn.jpg\"><img loading=\"lazy\" decoding=\"async\" aria-describedby=\"caption-attachment-29413\" class=\"wp-image-29413\" title=\"Le Laur\u00e9at Mr Ulrich BIAOU avec Mme Atika RIVENQ, Prof \u00e0 l\u2019IEMN-DOAE\" src=\"https:\/\/www.iemn.fr\/wp-content\/uploads\/2018\/05\/ulrich_biaou_atika_rivenq_iemn-225x300.jpg\" alt=\"Le Laur\u00e9at Mr Ulrich BIAOU avec Mme Atika RIVENQ, Prof \u00e0 l\u2019IEMN-DOAE\" width=\"370\" height=\"494\" srcset=\"https:\/\/www.iemn.fr\/wp-content\/uploads\/2018\/05\/ulrich_biaou_atika_rivenq_iemn-225x300.jpg 225w, https:\/\/www.iemn.fr\/wp-content\/uploads\/2018\/05\/ulrich_biaou_atika_rivenq_iemn-768x1024.jpg 768w, https:\/\/www.iemn.fr\/wp-content\/uploads\/2018\/05\/ulrich_biaou_atika_rivenq_iemn-773x1030.jpg 773w, https:\/\/www.iemn.fr\/wp-content\/uploads\/2018\/05\/ulrich_biaou_atika_rivenq_iemn-1125x1500.jpg 1125w, https:\/\/www.iemn.fr\/wp-content\/uploads\/2018\/05\/ulrich_biaou_atika_rivenq_iemn-529x705.jpg 529w\" sizes=\"auto, (max-width: 370px) 100vw, 370px\" \/><\/a><p id=\"caption-attachment-29413\" class=\"wp-caption-text\">Le Laur\u00e9at Mr Ulrich BIAOU avec Mme Atika RIVENQ, Prof \u00e0 l\u2019IEMN-DOAE<\/p><\/div>\n<\/div><\/section>","protected":false},"excerpt":{"rendered":"","protected":false},"author":2,"featured_media":0,"comment_status":"closed","ping_status":"closed","sticky":false,"template":"","format":"standard","meta":{"footnotes":""},"categories":[8,201,202],"tags":[],"class_list":["post-29421","post","type-post","status-publish","format-standard","hentry","category-actualites","category-faits-saillants","category-start-up"],"_links":{"self":[{"href":"https:\/\/www.iemn.fr\/en\/wp-json\/wp\/v2\/posts\/29421","targetHints":{"allow":["GET"]}}],"collection":[{"href":"https:\/\/www.iemn.fr\/en\/wp-json\/wp\/v2\/posts"}],"about":[{"href":"https:\/\/www.iemn.fr\/en\/wp-json\/wp\/v2\/types\/post"}],"author":[{"embeddable":true,"href":"https:\/\/www.iemn.fr\/en\/wp-json\/wp\/v2\/users\/2"}],"replies":[{"embeddable":true,"href":"https:\/\/www.iemn.fr\/en\/wp-json\/wp\/v2\/comments?post=29421"}],"version-history":[{"count":0,"href":"https:\/\/www.iemn.fr\/en\/wp-json\/wp\/v2\/posts\/29421\/revisions"}],"wp:attachment":[{"href":"https:\/\/www.iemn.fr\/en\/wp-json\/wp\/v2\/media?parent=29421"}],"wp:term":[{"taxonomy":"category","embeddable":true,"href":"https:\/\/www.iemn.fr\/en\/wp-json\/wp\/v2\/categories?post=29421"},{"taxonomy":"post_tag","embeddable":true,"href":"https:\/\/www.iemn.fr\/en\/wp-json\/wp\/v2\/tags?post=29421"}],"curies":[{"name":"wp","href":"https:\/\/api.w.org\/{rel}","templated":true}]}}